{"id":733,"date":"2026-02-13T16:04:16","date_gmt":"2026-02-13T19:04:16","guid":{"rendered":"http:\/\/filosofiadodireito.org.br\/?p=733"},"modified":"2026-02-13T16:04:16","modified_gmt":"2026-02-13T19:04:16","slug":"ivr-xxxii-2026-istambul","status":"publish","type":"post","link":"http:\/\/filosofiadodireito.org.br\/?p=733","title":{"rendered":"IVR XXXII 2026 &#8211; ISTAMBUL"},"content":{"rendered":"<div class=\"wp-block-image\">\n<figure class=\"aligncenter size-full\"><img loading=\"lazy\" decoding=\"async\" width=\"1907\" height=\"277\" src=\"http:\/\/filosofiadodireito.org.br\/wp-content\/uploads\/2026\/02\/Captura-de-tela-2026-02-12-174525.png\" alt=\"\" class=\"wp-image-737\" title=\"\"><\/figure>\n<\/div>\n\n\n<div class=\"wp-block-group is-nowrap is-layout-flex wp-container-core-group-is-layout-ad2f72ca wp-block-group-is-layout-flex\">\n<div class=\"wp-block-columns is-layout-flex wp-container-core-columns-is-layout-9d6595d7 wp-block-columns-is-layout-flex\">\n<div class=\"wp-block-column is-layout-flow wp-block-column-is-layout-flow\" style=\"flex-basis:100%\">\n<div class=\"wp-block-group is-horizontal is-content-justification-center is-layout-flex wp-container-core-group-is-layout-ddb39544 wp-block-group-is-layout-flex\">\n<p class=\"has-text-align-center\"><strong><mark style=\"background-color:rgba(0, 0, 0, 0)\" class=\"has-inline-color has-neve-link-hover-color-color\">LAW IN THE FACE OF THE CHANGING PROBLEMS OF THE WORLD<\/mark><\/strong><\/p>\n\n\n\n<div class=\"wp-block-group is-nowrap is-layout-flex wp-container-core-group-is-layout-ad2f72ca wp-block-group-is-layout-flex\">\n<p class=\"has-text-align-center\">The 32nd World Congress of\u00a0the International Association Philosophy of Law and Social Philosophy<\/p>\n<\/div>\n\n\n\n<figure class=\"wp-block-gallery has-nested-images columns-default is-cropped wp-block-gallery-1 is-layout-flex wp-block-gallery-is-layout-flex\"><div class=\"wp-block-image\">\n<figure class=\"aligncenter size-large\"><img loading=\"lazy\" decoding=\"async\" width=\"764\" height=\"1080\" data-id=\"758\" src=\"http:\/\/filosofiadodireito.org.br\/wp-content\/uploads\/2026\/02\/IVR-2026.jpeg\" alt=\"\" class=\"wp-image-758\" title=\"\"><\/figure>\n<\/div><\/figure>\n<\/div>\n<\/div>\n<\/div>\n<\/div>\n\n\n\n<div class=\"wp-block-group is-vertical is-content-justification-center is-layout-flex wp-container-core-group-is-layout-4b2eccd6 wp-block-group-is-layout-flex\">\n<p class=\"has-text-align-center\"> June 28 \u2013 July 3, 2026 <\/p>\n\n\n\n<p class=\"has-text-align-center\"> Congress Venue: Kadir Has University, Istanbul\/T\u00fcrkiye<\/p>\n\n\n\n<p class=\"has-text-align-center\"><\/p>\n<\/div>\n\n\n\n<h5 class=\"wp-block-heading has-text-align-center\"><a href=\"https:\/\/ivr2026istanbul.org\/registration\/\" target=\"_blank\" rel=\"noopener\">REGISTRATION<\/a><\/h5>\n\n\n\n<p>IVR 2026 Istanbul is accepting early registrations through the end of February.  Regular registration will remain open until the end of April, followed by a late registration period.<\/p>\n\n\n\n<div class=\"wp-block-group\"><div class=\"wp-block-group__inner-container is-layout-constrained wp-block-group-is-layout-constrained\">\n<div class=\"wp-block-columns is-layout-flex wp-container-core-columns-is-layout-9d6595d7 wp-block-columns-is-layout-flex\">\n<div class=\"wp-block-column is-layout-flow wp-block-column-is-layout-flow\">\n<p class=\"has-text-align-center\"><strong><em><strong>Early Registration<\/strong><\/em><\/strong><\/p>\n\n\n\n<p class=\"has-text-align-center\">September 1, 2025 \u2013 February 28, 2026\u00a0<\/p>\n<\/div>\n\n\n\n<div class=\"wp-block-column is-layout-flow wp-block-column-is-layout-flow\">\n<p class=\"has-text-align-center\"><strong><strong>Regular<\/strong><\/strong><\/p>\n\n\n\n<p class=\"has-text-align-center\">March 1, 2026 \u2013 April 30, 2026<\/p>\n\n\n\n<div class=\"wp-block-columns is-layout-flex wp-container-core-columns-is-layout-9d6595d7 wp-block-columns-is-layout-flex\">\n<div class=\"wp-block-column is-layout-flow wp-block-column-is-layout-flow\"><\/div>\n\n\n\n<div class=\"wp-block-column is-layout-flow wp-block-column-is-layout-flow\"><\/div>\n<\/div>\n<\/div>\n\n\n\n<div class=\"wp-block-column is-layout-flow wp-block-column-is-layout-flow\">\n<div class=\"wp-block-columns is-layout-flex wp-container-core-columns-is-layout-9d6595d7 wp-block-columns-is-layout-flex\">\n<div class=\"wp-block-column is-vertically-aligned-stretch is-layout-flow wp-block-column-is-layout-flow\">\n<div class=\"wp-block-columns is-layout-flex wp-container-core-columns-is-layout-9d6595d7 wp-block-columns-is-layout-flex\">\n<div class=\"wp-block-column is-layout-flow wp-block-column-is-layout-flow\">\n<p class=\"has-text-align-center\"><strong><em><strong>Late Registration<\/strong><\/em><\/strong><\/p>\n\n\n\n<p class=\"has-text-align-center\">May 1, 2026 \u2013 June 15, 2026<\/p>\n<\/div>\n<\/div>\n<\/div>\n<\/div>\n<\/div>\n<\/div>\n<\/div><\/div>\n\n\n\n<div class=\"wp-block-media-text is-stacked-on-mobile\" style=\"grid-template-columns:15% auto\"><figure class=\"wp-block-media-text__media\"><img loading=\"lazy\" decoding=\"async\" width=\"400\" height=\"400\" src=\"http:\/\/filosofiadodireito.org.br\/wp-content\/uploads\/2026\/02\/ivrlogo.jpeg\" alt=\"\" class=\"wp-image-735 size-full\" title=\"\"><\/figure><div class=\"wp-block-media-text__content\">\n<p><a href=\"https:\/\/ivrinternational.org\/2025\/05\/27\/ivr-young-scholar-prize-2026\/\" data-type=\"link\" data-id=\"https:\/\/ivrinternational.org\/2025\/05\/27\/ivr-young-scholar-prize-2026\/\" target=\"_blank\" rel=\"noopener\">Young Scholar Prize <\/a><\/p>\n\n\n\n<p>Submissions for the Young Scholar Prize, which is now open. The award is open to young scholars who are not over 35 years of age, or who are doctoral candidates, or who have obtained their doctoral degree within the past three years. The Young Scholar Prize winner will receive support for travel expenses as well as prize money. <\/p>\n<\/div><\/div>\n\n\n\n<p><mark style=\"background-color:var(--nv-secondary-accent)\" class=\"has-inline-color has-nv-site-bg-color\"><strong>Pr\u00eamio Jovem Pesquisador<\/strong>:<\/mark><em> Est\u00e3o abertas as inscri\u00e7\u00f5es para o Pr\u00eamio Jovem Pesquisador. O pr\u00eamio destina-se a jovens pesquisadores com at\u00e9 35 anos de idade, que sejam candidatos a doutorado ou que tenham obtido o t\u00edtulo de doutor nos \u00faltimos tr\u00eas anos. O vencedor do Pr\u00eamio Jovem Pesquisador receber\u00e1 apoio para despesas de viagem, al\u00e9m de um pr\u00eamio em dinheiro.<\/em><\/p>\n\n\n\n<div class=\"wp-block-media-text is-stacked-on-mobile\" style=\"grid-template-columns:15% auto\"><figure class=\"wp-block-media-text__media\"><img loading=\"lazy\" decoding=\"async\" width=\"400\" height=\"400\" src=\"http:\/\/filosofiadodireito.org.br\/wp-content\/uploads\/2026\/02\/ivrlogo.jpeg\" alt=\"\" class=\"wp-image-735 size-full\" title=\"\"><\/figure><div class=\"wp-block-media-text__content\">\n<p><a href=\"https:\/\/ivrinternational.org\/2025\/06\/16\/2026-ivr-prize-for-the-best-book-on-legal-or-social-philosophy\/\" target=\"_blank\" rel=\"noopener\">Prize for the Best Book on Legal or Social Philosophy <\/a><\/p>\n\n\n\n<p>The IVR Prize for the Best Book on the Philosophy of Law and Social Philosophy will be awarded at every World Congress of the International Association for the Philosophy of Law and Social Philosophy (IVR) to the best book on Legal or Social Philosophy to have been published since the last World Congress.<\/p>\n<\/div><\/div>\n\n\n\n<p><mark style=\"background-color:var(--nv-secondary-accent)\" class=\"has-inline-color has-nv-site-bg-color\"><strong>Pr\u00eamio para o Melhor Livro de Filosofia do Direito ou Filosofia Social<\/strong>:<\/mark> <em>O Pr\u00eamio IVR para o Melhor Livro de Filosofia do Direito e Filosofia Social ser\u00e1 concedido em cada Congresso Mundial da Associa\u00e7\u00e3o Internacional de Filosofia do Direito e Filosofia Social (IVR) ao melhor livro sobre Filosofia do Direito ou Filosofia Social publicado desde o \u00faltimo Congresso Mundial.<\/em><\/p>\n\n\n\n<p><\/p>\n\n\n\n<p class=\"has-text-align-center\"><mark style=\"background-color:rgba(0, 0, 0, 0)\" class=\"has-inline-color has-nv-dark-bg-color\"><strong>IVR plans to cover registration fees for a limited number of young scholars who meet the eligibility criteria for IVR 2026. Detailed<\/strong> <strong>information on the website: <a href=\"https:\/\/ivr2026istanbul.org\/\" target=\"_blank\" rel=\"noopener\">https:\/\/ivr2026istanbul.org\/<\/a><\/strong><\/mark><\/p>\n\n\n\n<div class=\"wp-block-buttons is-layout-flex wp-block-buttons-is-layout-flex\">\n<div class=\"wp-block-button\"><a class=\"wp-block-button__link wp-element-button\" href=\"https:\/\/ivr2026istanbul.org\/programme\/\" target=\"_blank\" rel=\"noopener\">Programme<\/a><\/div>\n\n\n\n<div class=\"wp-block-button\"><a class=\"wp-block-button__link has-text-align-center wp-element-button\" href=\"https:\/\/ivr2026istanbul.org\/news-and-announcements\/\" target=\"_blank\" rel=\"noopener\">News &amp; Announcements<\/a><\/div>\n\n\n\n<div class=\"wp-block-button\"><a class=\"wp-block-button__link has-text-align-center wp-element-button\" href=\"https:\/\/ivr2026istanbul.org\/registration\/\" target=\"_blank\" rel=\"noopener\">Call for Papers <\/a><\/div>\n\n\n\n<div class=\"wp-block-button\"><a class=\"wp-block-button__link wp-element-button\" href=\"https:\/\/ivr2026istanbul.org\/frequently-asked-questions-faq\/\" target=\"_blank\" rel=\"noopener\">Frequently Asked Questions<\/a><\/div>\n<\/div>\n\n\n\n<p><\/p>\n","protected":false},"excerpt":{"rendered":"<p>LAW IN THE FACE OF THE CHANGING PROBLEMS OF THE WORLD The 32nd World Congress of\u00a0the International Association Philosophy of Law and Social Philosophy June 28 \u2013 July 3, 2026 Congress Venue: Kadir Has University, Istanbul\/T\u00fcrkiye REGISTRATION IVR 2026 Istanbul is accepting early registrations through the end of February. Regular registration will remain open until&hellip;&nbsp;<a href=\"http:\/\/filosofiadodireito.org.br\/?p=733\" rel=\"bookmark\">Continue a ler &raquo;<span class=\"screen-reader-text\">IVR XXXII 2026 &#8211; ISTAMBUL<\/span><\/a><\/p>\n","protected":false},"author":1,"featured_media":0,"comment_status":"closed","ping_status":"closed","sticky":false,"template":"","format":"standard","meta":{"neve_meta_sidebar":"","neve_meta_container":"","neve_meta_enable_content_width":"","neve_meta_content_width":0,"neve_meta_title_alignment":"","neve_meta_author_avatar":"","neve_post_elements_order":"","neve_meta_disable_header":"","neve_meta_disable_footer":"","neve_meta_disable_title":"","footnotes":""},"categories":[1],"tags":[],"class_list":["post-733","post","type-post","status-publish","format-standard","hentry","category-sem-categoria"],"_links":{"self":[{"href":"http:\/\/filosofiadodireito.org.br\/index.php?rest_route=\/wp\/v2\/posts\/733","targetHints":{"allow":["GET"]}}],"collection":[{"href":"http:\/\/filosofiadodireito.org.br\/index.php?rest_route=\/wp\/v2\/posts"}],"about":[{"href":"http:\/\/filosofiadodireito.org.br\/index.php?rest_route=\/wp\/v2\/types\/post"}],"author":[{"embeddable":true,"href":"http:\/\/filosofiadodireito.org.br\/index.php?rest_route=\/wp\/v2\/users\/1"}],"replies":[{"embeddable":true,"href":"http:\/\/filosofiadodireito.org.br\/index.php?rest_route=%2Fwp%2Fv2%2Fcomments&post=733"}],"version-history":[{"count":22,"href":"http:\/\/filosofiadodireito.org.br\/index.php?rest_route=\/wp\/v2\/posts\/733\/revisions"}],"predecessor-version":[{"id":759,"href":"http:\/\/filosofiadodireito.org.br\/index.php?rest_route=\/wp\/v2\/posts\/733\/revisions\/759"}],"wp:attachment":[{"href":"http:\/\/filosofiadodireito.org.br\/index.php?rest_route=%2Fwp%2Fv2%2Fmedia&parent=733"}],"wp:term":[{"taxonomy":"category","embeddable":true,"href":"http:\/\/filosofiadodireito.org.br\/index.php?rest_route=%2Fwp%2Fv2%2Fcategories&post=733"},{"taxonomy":"post_tag","embeddable":true,"href":"http:\/\/filosofiadodireito.org.br\/index.php?rest_route=%2Fwp%2Fv2%2Ftags&post=733"}],"curies":[{"name":"wp","href":"https:\/\/api.w.org\/{rel}","templated":true}]}}