{"id":646,"date":"2025-09-15T18:01:48","date_gmt":"2025-09-15T21:01:48","guid":{"rendered":"http:\/\/filosofiadodireito.org.br\/?p=646"},"modified":"2025-09-15T18:01:50","modified_gmt":"2025-09-15T21:01:50","slug":"v-congresso-latino-americano-de-direito-memoria-democracia-e-crimes-de-lesa-humanidade","status":"publish","type":"post","link":"http:\/\/filosofiadodireito.org.br\/?p=646","title":{"rendered":"V Congresso Latino-Americano de Direito, Mem\u00f3ria, Democracia e Crimes de Lesa Humanidade"},"content":{"rendered":"\n<p>A Associa\u00e7\u00e3o Brasileira de Filosofia do Direito e Sociologia do Direito (ABRAFI) convida pesquisadoras e pesquisadores para participarem do <strong>V Congresso Latino-Americano de Direito, Mem\u00f3ria, Democracia e Crimes de Lesa Humanidade<\/strong>, que ser\u00e1 realizado nos dias <strong>29, 30 e 31 de outubro<\/strong>, no campus <strong>PUC Minas \u2013 Unidade Pra\u00e7a da Liberdade (Pr\u00e9dio Dom Cabral), em Belo Horizonte<\/strong>.<\/p>\n\n\n\n<p>Nesta edi\u00e7\u00e3o, o congresso ter\u00e1 como tema central <strong>\u201cA Rep\u00fablica e o Povo: Direitos Constitucionais e Soberania em <em>Os Sert\u00f5es<\/em> de Euclides da Cunha\u201d<\/strong> e, como nas edi\u00e7\u00f5es anteriores, o evento contar\u00e1 com <strong>Grupos de Trabalho tem\u00e1ticos (GTs)<\/strong> e <strong>publica\u00e7\u00e3o dos artigos nos anais do congresso<\/strong>.<\/p>\n\n\n\n<p>As inscri\u00e7\u00f5es para ouvintes e proponentes de trabalhos j\u00e1 est\u00e3o abertas. Acesse o site oficial do evento para mais informa\u00e7\u00f5es e para submeter sua proposta:<br><br>\ud83d\udc49 <strong><a href=\"http:\/\/www.otempododireito.com.br\" target=\"_blank\" rel=\"noopener\">www.otempododireito.com.br<\/a><\/strong><br><br><\/p>\n\n\n\n<figure class=\"wp-block-image size-large\"><img loading=\"lazy\" decoding=\"async\" width=\"724\" height=\"1024\" src=\"http:\/\/filosofiadodireito.org.br\/wp-content\/uploads\/2025\/09\/Untitled-724x1024.jpg\" alt=\"\" class=\"wp-image-647\" title=\"\" srcset=\"http:\/\/filosofiadodireito.org.br\/wp-content\/uploads\/2025\/09\/Untitled-724x1024.jpg 724w, http:\/\/filosofiadodireito.org.br\/wp-content\/uploads\/2025\/09\/Untitled-212x300.jpg 212w, http:\/\/filosofiadodireito.org.br\/wp-content\/uploads\/2025\/09\/Untitled-768x1086.jpg 768w, http:\/\/filosofiadodireito.org.br\/wp-content\/uploads\/2025\/09\/Untitled-1086x1536.jpg 1086w, http:\/\/filosofiadodireito.org.br\/wp-content\/uploads\/2025\/09\/Untitled.jpg 1131w\" sizes=\"auto, (max-width: 724px) 100vw, 724px\" \/><\/figure>\n","protected":false},"excerpt":{"rendered":"<p>A Associa\u00e7\u00e3o Brasileira de Filosofia do Direito e Sociologia do Direito (ABRAFI) convida pesquisadoras e pesquisadores para participarem do V Congresso Latino-Americano de Direito, Mem\u00f3ria, Democracia e Crimes de Lesa Humanidade, que ser\u00e1 realizado nos dias 29, 30 e 31 de outubro, no campus PUC Minas \u2013 Unidade Pra\u00e7a da Liberdade (Pr\u00e9dio Dom Cabral), em&hellip;&nbsp;<a href=\"http:\/\/filosofiadodireito.org.br\/?p=646\" rel=\"bookmark\">Continue a ler &raquo;<span class=\"screen-reader-text\">V Congresso Latino-Americano de Direito, Mem\u00f3ria, Democracia e Crimes de Lesa Humanidade<\/span><\/a><\/p>\n","protected":false},"author":1,"featured_media":0,"comment_status":"closed","ping_status":"closed","sticky":false,"template":"","format":"standard","meta":{"neve_meta_sidebar":"","neve_meta_container":"","neve_meta_enable_content_width":"","neve_meta_content_width":0,"neve_meta_title_alignment":"","neve_meta_author_avatar":"","neve_post_elements_order":"","neve_meta_disable_header":"","neve_meta_disable_footer":"","neve_meta_disable_title":"","footnotes":""},"categories":[1],"tags":[],"class_list":["post-646","post","type-post","status-publish","format-standard","hentry","category-sem-categoria"],"_links":{"self":[{"href":"http:\/\/filosofiadodireito.org.br\/index.php?rest_route=\/wp\/v2\/posts\/646","targetHints":{"allow":["GET"]}}],"collection":[{"href":"http:\/\/filosofiadodireito.org.br\/index.php?rest_route=\/wp\/v2\/posts"}],"about":[{"href":"http:\/\/filosofiadodireito.org.br\/index.php?rest_route=\/wp\/v2\/types\/post"}],"author":[{"embeddable":true,"href":"http:\/\/filosofiadodireito.org.br\/index.php?rest_route=\/wp\/v2\/users\/1"}],"replies":[{"embeddable":true,"href":"http:\/\/filosofiadodireito.org.br\/index.php?rest_route=%2Fwp%2Fv2%2Fcomments&post=646"}],"version-history":[{"count":1,"href":"http:\/\/filosofiadodireito.org.br\/index.php?rest_route=\/wp\/v2\/posts\/646\/revisions"}],"predecessor-version":[{"id":648,"href":"http:\/\/filosofiadodireito.org.br\/index.php?rest_route=\/wp\/v2\/posts\/646\/revisions\/648"}],"wp:attachment":[{"href":"http:\/\/filosofiadodireito.org.br\/index.php?rest_route=%2Fwp%2Fv2%2Fmedia&parent=646"}],"wp:term":[{"taxonomy":"category","embeddable":true,"href":"http:\/\/filosofiadodireito.org.br\/index.php?rest_route=%2Fwp%2Fv2%2Fcategories&post=646"},{"taxonomy":"post_tag","embeddable":true,"href":"http:\/\/filosofiadodireito.org.br\/index.php?rest_route=%2Fwp%2Fv2%2Ftags&post=646"}],"curies":[{"name":"wp","href":"https:\/\/api.w.org\/{rel}","templated":true}]}}